{"id":1992,"date":"2020-03-29T21:18:51","date_gmt":"2020-03-29T21:18:51","guid":{"rendered":"https:\/\/www.aboutsucculents.com\/?p=1992"},"modified":"2022-06-12T18:37:50","modified_gmt":"2022-06-12T18:37:50","slug":"senecio-radicans","status":"publish","type":"post","link":"https:\/\/www.aboutsucculents.com\/de\/senecio-radicans\/","title":{"rendered":"Senecio Radicans - Bananenstaude"},"content":{"rendered":"<figure class=\"wp-block-image size-large\"><img decoding=\"async\" loading=\"lazy\" width=\"800\" height=\"500\" src=\"https:\/\/www.aboutsucculents.com\/wp-content\/uploads\/2020\/03\/Senecio-Radicans-String-of-Bananas.png\" alt=\"Senecio Radicans - Bananenstaude\" class=\"wp-image-2652\" srcset=\"https:\/\/www.aboutsucculents.com\/wp-content\/uploads\/2020\/03\/Senecio-Radicans-String-of-Bananas.png 800w, https:\/\/www.aboutsucculents.com\/wp-content\/uploads\/2020\/03\/Senecio-Radicans-String-of-Bananas-300x188.png 300w, https:\/\/www.aboutsucculents.com\/wp-content\/uploads\/2020\/03\/Senecio-Radicans-String-of-Bananas-768x480.png 768w, https:\/\/www.aboutsucculents.com\/wp-content\/uploads\/2020\/03\/Senecio-Radicans-String-of-Bananas-585x366.png 585w\" sizes=\"(max-width: 800px) 100vw, 800px\" \/><\/figure>\n\n\n\n<p>Senecio radicans wird auch Bananenstaude genannt, weil seine Bl\u00e4tter wie Bananen geformt sind. Senecio radicans ist eine schnell wachsende Sukkulente, die oft als Zierpflanze in einer Blumenampel oder einem hohen Pflanzgef\u00e4\u00df verwendet wird, bei dem die St\u00e4ngel wie Ranken bis zum Boden reichen.<\/p>\n\n\n\n<p>In S\u00fcdafrika, wo die Bananenschnur ihren Ursprung hat, wird die Sukkulente zusammen mit anderen Pflanzenarten als Bodendecker verwendet. Die St\u00e4ngel von Senecio radicans k\u00f6nnen bis zu 90 cm lang werden. Die Pflanze selbst kann eine H\u00f6he von 61 cm (2 Fu\u00df) erreichen.&nbsp;<\/p>\n\n\n\n<p>Senecio radicans bringt kleine Bl\u00fcten hervor, die in der Farbe von wei\u00df \u00fcber gelb bis lavendel variieren. Die Bl\u00fcten verstr\u00f6men einen s\u00fc\u00dfen und w\u00fcrzigen Duft, der an Zimt erinnert.<\/p>\n\n\n\n<p>Senecio radicans stammt aus der Familie der Asteraceae.<\/p>\n\n\n\n<div id=\"ez-toc-container\" class=\"ez-toc-v2_0_46 counter-hierarchy ez-toc-counter ez-toc-grey ez-toc-container-direction\">\n<div class=\"ez-toc-title-container\">\n<p class=\"ez-toc-title\"><\/p>\n<span class=\"ez-toc-title-toggle\"><a href=\"#\" class=\"ez-toc-pull-right ez-toc-btn ez-toc-btn-xs ez-toc-btn-default ez-toc-toggle\" aria-label=\"ez-toc-toggle-icon-1\"><label for=\"item-69f1e73046add\" aria-label=\"Table of Content\"><span style=\"display: flex;align-items: center;width: 35px;height: 30px;justify-content: center;direction:ltr;\"><svg style=\"fill: #36af73;color:#36af73\" xmlns=\"http:\/\/www.w3.org\/2000\/svg\" class=\"list-377408\" width=\"20px\" height=\"20px\" viewbox=\"0 0 24 24\" fill=\"none\"><path d=\"M6 6H4v2h2V6zm14 0H8v2h12V6zM4 11h2v2H4v-2zm16 0H8v2h12v-2zM4 16h2v2H4v-2zm16 0H8v2h12v-2z\" fill=\"currentColor\"><\/path><\/svg><svg style=\"fill: #36af73;color:#36af73\" class=\"arrow-unsorted-368013\" xmlns=\"http:\/\/www.w3.org\/2000\/svg\" width=\"10px\" height=\"10px\" viewbox=\"0 0 24 24\" version=\"1.2\" baseprofile=\"tiny\"><path d=\"M18.2 9.3l-6.2-6.3-6.2 6.3c-.2.2-.3.4-.3.7s.1.5.3.7c.2.2.4.3.7.3h11c.3 0 .5-.1.7-.3.2-.2.3-.5.3-.7s-.1-.5-.3-.7zM5.8 14.7l6.2 6.3 6.2-6.3c.2-.2.3-.5.3-.7s-.1-.5-.3-.7c-.2-.2-.4-.3-.7-.3h-11c-.3 0-.5.1-.7.3-.2.2-.3.5-.3.7s.1.5.3.7z\"\/><\/svg><\/span><\/label><input  type=\"checkbox\" id=\"item-69f1e73046add\"><\/a><\/span><\/div>\n<nav><ul class='ez-toc-list ez-toc-list-level-1' ><li class='ez-toc-page-1 ez-toc-heading-level-2'><a class=\"ez-toc-link ez-toc-heading-1\" href=\"https:\/\/www.aboutsucculents.com\/de\/senecio-radicans\/#general-information\" title=\"Allgemeine Informationen:\">Allgemeine Informationen:<\/a><\/li><li class='ez-toc-page-1 ez-toc-heading-level-2'><a class=\"ez-toc-link ez-toc-heading-2\" href=\"https:\/\/www.aboutsucculents.com\/de\/senecio-radicans\/#how-to-grow-senecio-radicans\" title=\"Wie man Senecio Radicans anbaut\">Wie man Senecio Radicans anbaut<\/a><\/li><li class='ez-toc-page-1 ez-toc-heading-level-2'><a class=\"ez-toc-link ez-toc-heading-3\" href=\"https:\/\/www.aboutsucculents.com\/de\/senecio-radicans\/#how-to-propagate-senecio-radicans\" title=\"Wie man Senecio Radicans vermehrt\">Wie man Senecio Radicans vermehrt<\/a><\/li><li class='ez-toc-page-1 ez-toc-heading-level-2'><a class=\"ez-toc-link ez-toc-heading-4\" href=\"https:\/\/www.aboutsucculents.com\/de\/senecio-radicans\/#frequently-asked-questions\" title=\"H\u00e4ufig gestellte Fragen\">H\u00e4ufig gestellte Fragen<\/a><\/li><\/ul><\/nav><\/div>\n<h2 class=\"wp-block-heading\"><span class=\"ez-toc-section\" id=\"general-information\"><\/span>Allgemeine Informationen:<span class=\"ez-toc-section-end\"><\/span><\/h2>\n\n\n\n<p>Also known as: String of Bananas.<br>Pflanzenfamilie: Asteraceae<br>Herkunft: S\u00fcdafrika<br>Height: 2-feet or 61cm<br>Exposure: Partial sunlight up to 6 hours<br>Wasserbedarf: H\u00e4ufige Bew\u00e4sserung in den Sommermonaten; sehr wenig bis keine Bew\u00e4sserung im Winter oder in der kalten Jahreszeit.<br>Soil Type: Cactus soil mixed with perlite at a 2:1 ratio or cactus mix or potting soil with coarse sand at a 2:1 ratio.<br>Soil pH: Strongly Acidic (6.0 to 7.0 pH)<br>Vertr\u00e4glichkeit: Trockenheit; vertr\u00e4gt keinen Frost<\/p>\n\n\n\n<h2 class=\"wp-block-heading\" id=\"h-how-to-grow-senecio-radicans\"><span class=\"ez-toc-section\" id=\"how-to-grow-senecio-radicans\"><\/span>Wie man Senecio Radicans anbaut<span class=\"ez-toc-section-end\"><\/span><\/h2>\n\n\n\n<figure class=\"wp-block-image size-large\"><img decoding=\"async\" loading=\"lazy\" width=\"800\" height=\"800\" src=\"https:\/\/www.aboutsucculents.com\/wp-content\/uploads\/2020\/03\/strings-of-bananas-succulent.png\" alt=\"Bananenstr\u00e4nge saftig\" class=\"wp-image-2649\" srcset=\"https:\/\/www.aboutsucculents.com\/wp-content\/uploads\/2020\/03\/strings-of-bananas-succulent.png 800w, https:\/\/www.aboutsucculents.com\/wp-content\/uploads\/2020\/03\/strings-of-bananas-succulent-300x300.png 300w, https:\/\/www.aboutsucculents.com\/wp-content\/uploads\/2020\/03\/strings-of-bananas-succulent-150x150.png 150w, https:\/\/www.aboutsucculents.com\/wp-content\/uploads\/2020\/03\/strings-of-bananas-succulent-768x768.png 768w, https:\/\/www.aboutsucculents.com\/wp-content\/uploads\/2020\/03\/strings-of-bananas-succulent-585x585.png 585w\" sizes=\"(max-width: 800px) 100vw, 800px\" \/><\/figure>\n\n\n\n<p>Senecio radicans ist eine einfach zu kultivierende Sukkulente, die in den letzten Jahren wegen der kaskadenf\u00f6rmigen St\u00e4ngel, die sie zu einer wundersch\u00f6nen Ziersukkulente machen, sehr beliebt geworden ist.<\/p>\n\n\n\n<p>Die Bananenstaude ist sehr widerstandsf\u00e4hig gegen\u00fcber trockenem Wetter, aber nicht gegen\u00fcber starker Hitze. Die Sukkulente ist auch nicht frosttolerant. Wenn die Temperatur in Ihrer Region unter -1,1\u00b0 C f\u00e4llt, sollten Sie die Sukkulente Senecio radicans am besten im Haus anbauen.<\/p>\n\n\n\n<h3 class=\"wp-block-heading\" id=\"h-1-sunlight\">1.   Sonnenlicht<\/h3>\n\n\n\n<p>Senecio radicans gedeiht am besten in indirektem Sonnenlicht. Die Sukkulente kann einen Sonnenbrand bekommen, wenn sie mehrere Stunden lang starker Hitze oder direktem Sonnenlicht ausgesetzt ist. Im Allgemeinen w\u00e4chst String of Bananas besser, wenn sie 5 bis 6 Stunden indirektes Sonnenlicht erh\u00e4lt.<\/p>\n\n\n\n<p>Wenn Sie Senecio radicans im Freien pflanzen, sollten Sie ihn an einem halbschattigen Ort oder an einem Ort, an dem er von h\u00f6heren Pflanzen verdeckt wird, aufstellen. Am besten ist ein Standort, der viel helle Morgensonne erh\u00e4lt. Vermeiden Sie Standorte, an denen die Pflanze der Nachmittagssonne voll ausgesetzt ist.<\/p>\n\n\n<div class=\"wp-block-image\">\n<figure class=\"alignright size-large\"><img decoding=\"async\" loading=\"lazy\" width=\"300\" height=\"500\" src=\"https:\/\/www.aboutsucculents.com\/wp-content\/uploads\/2020\/03\/Senecio-Radicans-String-of-Bananas-plant-care.png\" alt=\"Senecio Radicans - Bananenstaude Pflanzenpflege\" class=\"wp-image-2647\" srcset=\"https:\/\/www.aboutsucculents.com\/wp-content\/uploads\/2020\/03\/Senecio-Radicans-String-of-Bananas-plant-care.png 300w, https:\/\/www.aboutsucculents.com\/wp-content\/uploads\/2020\/03\/Senecio-Radicans-String-of-Bananas-plant-care-180x300.png 180w\" sizes=\"(max-width: 300px) 100vw, 300px\" \/><\/figure><\/div>\n\n\n<p>Wenn Sie die Pflanze im Haus anbauen, sollten Sie sie in der N\u00e4he von Fenstern aufstellen, die nach Osten, S\u00fcden oder Westen ausgerichtet sind. Auch hier ist direkte Sonneneinstrahlung zu vermeiden. Wenn der Raum wenig Sonnenlicht erh\u00e4lt, stellen Sie die Sukkulente unter ein Grow Light.<\/p>\n\n\n\n<h3 class=\"wp-block-heading\" id=\"h-2-watering\">2.   Bew\u00e4sserung<\/h3>\n\n\n\n<p>Die St\u00e4ngel von Senecio radicans und seine prallen, bananenf\u00f6rmigen Bl\u00e4tter k\u00f6nnen Wasser speichern, weshalb die Sukkulente auch l\u00e4ngeres trockenes Klima aushalten kann.<\/p>\n\n\n\n<p>Wie andere Sukkulenten sollte auch die Bananenstaude nur gegossen werden, wenn sich die Erde trocken anf\u00fchlt und keine Feuchtigkeit enth\u00e4lt. Es ist nicht ungew\u00f6hnlich, dass Z\u00fcchter dieser Sukkulente alle 7 bis 10 Tage Wasser geben.<\/p>\n\n\n\n<p>Im Winter bleibt der Boden l\u00e4nger feucht, was bedeutet, dass Sie die Bew\u00e4sserungszeit reduzieren m\u00fcssen. M\u00f6glicherweise m\u00fcssen Sie Senecio radicans im Winter nur einmal im Monat gie\u00dfen. Um sicherzugehen, pr\u00fcfen Sie den Trockenheitsgrad des Oberbodens.<\/p>\n\n\n\n<p>Eine \u00dcberw\u00e4sserung der Sukkulenten f\u00fchrt zu Wurzelf\u00e4ule, die eine Pilzinfektion und m\u00f6glicherweise den Tod zur Folge haben kann.<\/p>\n\n\n<div class=\"wp-block-image\">\n<figure class=\"alignleft size-large\"><img decoding=\"async\" loading=\"lazy\" width=\"300\" height=\"500\" src=\"https:\/\/www.aboutsucculents.com\/wp-content\/uploads\/2020\/03\/Senecio-Radicans-String-of-Bananas-succulent-care.png\" alt=\"Senecio Radicans - Bananenstaude Sukkulente Pflege\" class=\"wp-image-2648\" srcset=\"https:\/\/www.aboutsucculents.com\/wp-content\/uploads\/2020\/03\/Senecio-Radicans-String-of-Bananas-succulent-care.png 300w, https:\/\/www.aboutsucculents.com\/wp-content\/uploads\/2020\/03\/Senecio-Radicans-String-of-Bananas-succulent-care-180x300.png 180w\" sizes=\"(max-width: 300px) 100vw, 300px\" \/><\/figure><\/div>\n\n\n<h3 class=\"wp-block-heading\" id=\"h-3-pot-and-soil\">3.   Topf und Erde<\/h3>\n\n\n\n<p>Um das Risiko zu minimieren, dass Senecio radicans Wurzelf\u00e4ule bekommt, pflanzen Sie ihn in einen Topf oder ein Pflanzgef\u00e4\u00df, das eine gute Drainage hat.<\/p>\n\n\n\n<p>Der Boden muss au\u00dferdem gut durchl\u00e4ssig sein. Kakteenerde ist eine gute Wahl f\u00fcr Senecio radicans. F\u00fcgen Sie Perlit im Verh\u00e4ltnis 2:1 hinzu, um die Drainage weiter zu verbessern. Eine weitere gute Wahl ist sandige Erde, die aus einer Mischung von Kakteenerde oder Blumenerde und grobem Sand im Verh\u00e4ltnis 2:1 hergestellt werden kann.&nbsp;<\/p>\n\n\n\n<h3 class=\"wp-block-heading\" id=\"h-4-fertilizer\">4.   D\u00fcngemittel<\/h3>\n\n\n\n<p>Die D\u00fcngung tr\u00e4gt dazu bei, dass Senecio radicans alle N\u00e4hrstoffe erh\u00e4lt, die er f\u00fcr ein gutes Wachstum und die Bildung seiner sch\u00f6nen Bl\u00fcten ben\u00f6tigt.<\/p>\n\n\n\n<p>Verwenden Sie eine ausgewogene D\u00fcngermischung, die auf die halbe St\u00e4rke verd\u00fcnnt ist. Es gibt D\u00fcngermischungen, die speziell f\u00fcr sukkulente Pflanzen hergestellt werden.<\/p>\n\n\n\n<p>D\u00fcngen Sie die Bananenstaude w\u00e4hrend der aktiven Wachstumsperiode, d. h. in den Fr\u00fchlings- und Sommermonaten. D\u00fcngen Sie nicht w\u00e4hrend der Herbst- und Wintersaison.&nbsp;<\/p>\n\n\n\n<h2 class=\"wp-block-heading\" id=\"h-how-to-propagate-senecio-radicans\"><span class=\"ez-toc-section\" id=\"how-to-propagate-senecio-radicans\"><\/span>Wie man Senecio Radicans vermehrt<span class=\"ez-toc-section-end\"><\/span><\/h2>\n\n\n\n<p>Senecio radicans ist ein Favorit f\u00fcr viele <a href=\"https:\/\/www.aboutsucculents.com\/de\/anleitungen-zur-vermehrung-von-sukkulenten\/\">Sukkulentenz\u00fcchter, weil sie leicht zu vermehren ist<\/a>. Mit etwas Geduld und M\u00fche k\u00f6nnen Sie Ihre Terrasse mit vielen h\u00e4ngenden Pflanzgef\u00e4\u00dfen mit Bananenstauden schm\u00fccken.&nbsp;<\/p>\n\n\n\n<p>Die einzige M\u00f6glichkeit, Senecio radicans zu vermehren, ist die Verwendung von Stammstecklingen.<\/p>\n\n\n\n<figure class=\"wp-block-image size-large\"><img decoding=\"async\" loading=\"lazy\" width=\"800\" height=\"800\" src=\"https:\/\/www.aboutsucculents.com\/wp-content\/uploads\/2020\/03\/strings-of-bananas-succulent-plant-care-and-grow.png\" alt=\"Bananenstauden Sukkulenten Pflege und Wachstum\" class=\"wp-image-2646\" srcset=\"https:\/\/www.aboutsucculents.com\/wp-content\/uploads\/2020\/03\/strings-of-bananas-succulent-plant-care-and-grow.png 800w, https:\/\/www.aboutsucculents.com\/wp-content\/uploads\/2020\/03\/strings-of-bananas-succulent-plant-care-and-grow-300x300.png 300w, https:\/\/www.aboutsucculents.com\/wp-content\/uploads\/2020\/03\/strings-of-bananas-succulent-plant-care-and-grow-150x150.png 150w, https:\/\/www.aboutsucculents.com\/wp-content\/uploads\/2020\/03\/strings-of-bananas-succulent-plant-care-and-grow-768x768.png 768w, https:\/\/www.aboutsucculents.com\/wp-content\/uploads\/2020\/03\/strings-of-bananas-succulent-plant-care-and-grow-585x585.png 585w\" sizes=\"(max-width: 800px) 100vw, 800px\" \/><\/figure>\n\n\n\n<p><strong>Schritt 1: <\/strong>Schneiden Sie einen reifen St\u00e4ngel ab, um die besten Ergebnisse zu erzielen. Achten Sie darauf, ein gesch\u00e4rftes und sterilisiertes Messer oder eine Gartenschere zu verwenden, wenn Sie den Stiel abschneiden.<\/p>\n\n\n\n<p><strong>Schritt 2: <\/strong>Im Gegensatz zu anderen <a href=\"https:\/\/www.aboutsucculents.com\/de\/wie-zu-pflanzen-erfolgreich\/\">Sukkulenten, die vor dem Einpflanzen mehrere Tage zum Austrocknen ben\u00f6tigen<\/a>Die St\u00e4ngel der Bananenschnur sind so d\u00fcnn, dass sie innerhalb eines Tages austrocknen k\u00f6nnen. Lassen Sie den Stiel einfach bis zu einem Tag liegen, dann ist er pflanzfertig.<\/p>\n\n\n\n<p><strong>Schritt 3:<\/strong> F\u00fcllen Sie den Topf mit gut durchl\u00e4ssiger Erde. Sie k\u00f6nnen die Stecklinge entweder in die Erde pflanzen oder auf die Erde legen. Es dauert 2 bis 3 Wochen, bis die Pflanze ihre Wurzeln gebildet hat.&nbsp;<\/p>\n\n\n\n<p><strong>Schritt 4:<\/strong> Wenn sich der Boden trocken anf\u00fchlt, bespr\u00fchen Sie ihn, um die richtige Feuchtigkeit zu gew\u00e4hrleisten. Sobald sich die Wurzeln gebildet haben, wechseln Sie vom Bespr\u00fchen zum Gie\u00dfen.&nbsp;<br><\/p>\n\n\n\n<h2 class=\"wp-block-heading\" id=\"h-frequently-asked-questions\"><span class=\"ez-toc-section\" id=\"frequently-asked-questions\"><\/span>H\u00e4ufig gestellte Fragen<span class=\"ez-toc-section-end\"><\/span><\/h2>\n\n\n\n<div class=\"schema-faq wp-block-yoast-faq-block\"><div class=\"schema-faq-section\"><strong class=\"schema-faq-question\"><br\/>Ist Senecio radicans giftig f\u00fcr Katzen und Hunde?<\/strong> <p class=\"schema-faq-answer\"><br\/>Senecio Radicans ist nicht in der Liste der American Society for the Prevention of Cruelty to Animal <a href=\"https:\/\/www.aspca.org\/pet-care\/animal-poison-control\/toxic-and-non-toxic-plants\/r\">(ASPCA) <\/a>der Liste der giftigen Pflanzen auf der Website, was bedeutet, dass sie f\u00fcr Ihre Katzen oder Hunde unbedenklich sein k\u00f6nnten.<br\/><br\/>Die Liste ist nicht allumfassend und enth\u00e4lt nur die Pflanzen, nach denen h\u00e4ufig gefragt wird. Die Bananenschnur ist eng mit einer anderen Sorte namens Perlenschnur verwandt, die sich f\u00fcr einige Tiere als leicht giftig erwiesen hat.\u00a0<br\/><br\/>Wenn Ihr Haustier nach dem Kontakt mit String of Bananas Magen-Darm-Beschwerden bekommt oder erbricht, wenden Sie sich bitte sofort an einen Tierarzt.<br\/><br\/><\/p> <\/div> <div class=\"schema-faq-section\"><strong class=\"schema-faq-question\"><br\/>Warum stirbt meine Senecio Radicans Sukkulente?<\/strong> <p class=\"schema-faq-answer\"><br\/>Die Bananenstaude ist anf\u00e4llig f\u00fcr 3 Bedingungen: \u00dcberw\u00e4sserung, Unterw\u00e4sserung und starke Hitzeeinwirkung.<br\/><br\/>1.   \u00dcberw\u00e4sserung<br\/>Denken Sie daran, dass die prallen, bananenf\u00f6rmigen Bl\u00e4tter von Senecio radicans als Wasserspeicher dienen. Wenn diese Bl\u00e4tter matschig aussehen oder bei Ber\u00fchrung platzen, bedeutet das, dass Sie die Sukkulente \u00fcberm\u00e4\u00dfig bew\u00e4ssern.<br\/>Wenn die Erde l\u00e4nger feucht bleibt, k\u00f6nnen Sie das Risiko der \u00dcberw\u00e4sserung durch Umtopfen von Senecio radicans verringern.<br\/><br\/>2.   Unterwasserwelt<br\/>Wenn die Bl\u00e4tter von Senecio radicans schrumpelig aussehen, ist das ein Anzeichen f\u00fcr eine Unterwasserbildung. Sie k\u00f6nnen die Bl\u00e4tter wieder prall machen, indem Sie sie mit ausreichend Wasser versorgen. Innerhalb von 1 Tag sollten Sie feststellen, dass die Bl\u00e4tter wieder dicker werden.<br\/><br\/>3.   Exposition gegen\u00fcber intensiver Hitze<br\/>Die Bl\u00e4tter von Senecio radicans werden braun, wenn sie extremer Hitze oder direkter Sonneneinstrahlung f\u00fcr mehrere Stunden ausgesetzt sind.<br\/>Wenn die Bl\u00e4tter von der Sonne besch\u00e4digt sind, k\u00f6nnen Sie nichts tun. Sie k\u00f6nnen nur abwarten, bis die Bananenstaude neue Bl\u00e4tter produziert und die besch\u00e4digten Bl\u00e4tter entfernt hat. <br\/><br\/><\/p> <\/div> <div class=\"schema-faq-section\"><strong class=\"schema-faq-question\"><br\/>Bildet Senecio Radicans Bl\u00fcten aus?<\/strong> <p class=\"schema-faq-answer\"><br\/>Senecio radicans bildet kleine wei\u00dfliche Bl\u00fcten, die nach 2 Jahren manchmal lavendelfarben oder gelb erscheinen k\u00f6nnen.<br\/>Senecio radicans braucht die ideale Temperatur, um seine Bl\u00fcten zum Bl\u00fchen zu bringen. F\u00fcr den Anbau im Freien sollte die ideale n\u00e4chtliche Temperatur bei 10-13 \u00b0C liegen. F\u00fcr den Innenanbau liegt die ideale Nachttemperatur bei 15-18 \u00b0C.\u00a0<br\/><br\/><\/p> <\/div> <\/div>","protected":false},"excerpt":{"rendered":"<p>Senecio radicans wird auch Bananenstaude genannt, weil seine Bl\u00e4tter die Form von...<\/p>","protected":false},"author":2,"featured_media":2651,"comment_status":"open","ping_status":"open","sticky":false,"template":"","format":"standard","meta":{"_lmt_disableupdate":"no","_lmt_disable":""},"categories":[756,186],"tags":[949],"yoast_head":"<!-- This site is optimized with the Yoast SEO Premium plugin v20.4 (Yoast SEO v20.4) - https:\/\/yoast.com\/wordpress\/plugins\/seo\/ -->\n<title>Senecio Radicans - String of Bananas - Grow, Care and Propagate - About Succulents<\/title>\n<meta name=\"description\" content=\"How to grow and care the Senecio Radicans - String of Bananas succulent. Discover how the Senecio Radicans - String of Bananas can be propagated with a step by step guide.\" \/>\n<meta name=\"robots\" content=\"index, follow, max-snippet:-1, max-image-preview:large, max-video-preview:-1\" \/>\n<link rel=\"canonical\" href=\"https:\/\/www.aboutsucculents.com\/de\/senecio-radicans\/\" \/>\n<meta property=\"og:locale\" content=\"de_DE\" \/>\n<meta property=\"og:type\" content=\"article\" \/>\n<meta property=\"og:title\" content=\"Senecio Radicans - String of Bananas\" \/>\n<meta property=\"og:description\" content=\"How to grow and care the Senecio Radicans - String of Bananas succulent. Discover how the Senecio Radicans - String of Bananas can be propagated with a step by step guide.\" \/>\n<meta property=\"og:url\" content=\"https:\/\/www.aboutsucculents.com\/de\/senecio-radicans\/\" \/>\n<meta property=\"og:site_name\" content=\"About Succulents\" \/>\n<meta property=\"article:author\" content=\"https:\/\/www.facebook.com\/AboutSucculentscom-100560964944852\/\" \/>\n<meta property=\"article:published_time\" content=\"2020-03-29T21:18:51+00:00\" \/>\n<meta property=\"article:modified_time\" content=\"2022-06-12T18:37:50+00:00\" \/>\n<meta property=\"og:image\" content=\"https:\/\/www.aboutsucculents.com\/wp-content\/uploads\/2020\/03\/Senecio-Radicans-String-of-Bananas-succulent.png\" \/>\n\t<meta property=\"og:image:width\" content=\"800\" \/>\n\t<meta property=\"og:image:height\" content=\"500\" \/>\n\t<meta property=\"og:image:type\" content=\"image\/png\" \/>\n<meta name=\"author\" content=\"Sofia Lara\" \/>\n<meta name=\"twitter:card\" content=\"summary_large_image\" \/>\n<meta name=\"twitter:creator\" content=\"@https:\/\/twitter.com\/AboutSucculents\" \/>\n<meta name=\"twitter:label1\" content=\"Verfasst von\" \/>\n\t<meta name=\"twitter:data1\" content=\"Sofia Lara\" \/>\n\t<meta name=\"twitter:label2\" content=\"Gesch\u00e4tzte Lesezeit\" \/>\n\t<meta name=\"twitter:data2\" content=\"7\u00a0Minuten\" \/>\n<script type=\"application\/ld+json\" class=\"yoast-schema-graph\">{\"@context\":\"https:\/\/schema.org\",\"@graph\":[{\"@type\":\"Article\",\"@id\":\"https:\/\/www.aboutsucculents.com\/senecio-radicans\/#article\",\"isPartOf\":{\"@id\":\"https:\/\/www.aboutsucculents.com\/senecio-radicans\/\"},\"author\":{\"name\":\"Sofia Lara\",\"@id\":\"https:\/\/www.aboutsucculents.com\/#\/schema\/person\/0b26593c5b3b2461f1c0f81c6dbe2e40\"},\"headline\":\"Senecio Radicans &#8211; String of Bananas\",\"datePublished\":\"2020-03-29T21:18:51+00:00\",\"dateModified\":\"2022-06-12T18:37:50+00:00\",\"mainEntityOfPage\":{\"@id\":\"https:\/\/www.aboutsucculents.com\/senecio-radicans\/\"},\"wordCount\":1203,\"commentCount\":0,\"publisher\":{\"@id\":\"https:\/\/www.aboutsucculents.com\/#organization\"},\"keywords\":[\"Asteraceae\"],\"articleSection\":[\"Asteraceae\",\"Succulents\"],\"inLanguage\":\"de\",\"potentialAction\":[{\"@type\":\"CommentAction\",\"name\":\"Comment\",\"target\":[\"https:\/\/www.aboutsucculents.com\/senecio-radicans\/#respond\"]}]},{\"@type\":[\"WebPage\",\"FAQPage\"],\"@id\":\"https:\/\/www.aboutsucculents.com\/senecio-radicans\/\",\"url\":\"https:\/\/www.aboutsucculents.com\/senecio-radicans\/\",\"name\":\"Senecio Radicans - String of Bananas - Grow, Care and Propagate - About Succulents\",\"isPartOf\":{\"@id\":\"https:\/\/www.aboutsucculents.com\/#website\"},\"datePublished\":\"2020-03-29T21:18:51+00:00\",\"dateModified\":\"2022-06-12T18:37:50+00:00\",\"description\":\"How to grow and care the Senecio Radicans - String of Bananas succulent. Discover how the Senecio Radicans - String of Bananas can be propagated with a step by step guide.\",\"breadcrumb\":{\"@id\":\"https:\/\/www.aboutsucculents.com\/senecio-radicans\/#breadcrumb\"},\"inLanguage\":\"de\",\"potentialAction\":[{\"@type\":\"ReadAction\",\"target\":[\"https:\/\/www.aboutsucculents.com\/senecio-radicans\/\"]}]},{\"@type\":\"BreadcrumbList\",\"@id\":\"https:\/\/www.aboutsucculents.com\/senecio-radicans\/#breadcrumb\",\"itemListElement\":[{\"@type\":\"ListItem\",\"position\":1,\"name\":\"Home\",\"item\":\"https:\/\/www.aboutsucculents.com\/\"},{\"@type\":\"ListItem\",\"position\":2,\"name\":\"Senecio Radicans &#8211; String of Bananas\"}]},{\"@type\":\"WebSite\",\"@id\":\"https:\/\/www.aboutsucculents.com\/#website\",\"url\":\"https:\/\/www.aboutsucculents.com\/\",\"name\":\"About Succulents\",\"description\":\"\",\"publisher\":{\"@id\":\"https:\/\/www.aboutsucculents.com\/#organization\"},\"potentialAction\":[{\"@type\":\"SearchAction\",\"target\":{\"@type\":\"EntryPoint\",\"urlTemplate\":\"https:\/\/www.aboutsucculents.com\/?s={search_term_string}\"},\"query-input\":\"required name=search_term_string\"}],\"inLanguage\":\"de\"},{\"@type\":\"Organization\",\"@id\":\"https:\/\/www.aboutsucculents.com\/#organization\",\"name\":\"AboutSucculents\",\"url\":\"https:\/\/www.aboutsucculents.com\/\",\"logo\":{\"@type\":\"ImageObject\",\"inLanguage\":\"de\",\"@id\":\"https:\/\/www.aboutsucculents.com\/#\/schema\/logo\/image\/\",\"url\":\"https:\/\/www.aboutsucculents.com\/wp-content\/uploads\/2020\/03\/about-succulents-logo.png\",\"contentUrl\":\"https:\/\/www.aboutsucculents.com\/wp-content\/uploads\/2020\/03\/about-succulents-logo.png\",\"width\":200,\"height\":132,\"caption\":\"AboutSucculents\"},\"image\":{\"@id\":\"https:\/\/www.aboutsucculents.com\/#\/schema\/logo\/image\/\"}},{\"@type\":\"Person\",\"@id\":\"https:\/\/www.aboutsucculents.com\/#\/schema\/person\/0b26593c5b3b2461f1c0f81c6dbe2e40\",\"name\":\"Sofia Lara\",\"image\":{\"@type\":\"ImageObject\",\"inLanguage\":\"de\",\"@id\":\"https:\/\/www.aboutsucculents.com\/#\/schema\/person\/image\/\",\"url\":\"https:\/\/secure.gravatar.com\/avatar\/e9c8f7dc69356901e27e7d436a041c1a?s=96&d=mm&r=g\",\"contentUrl\":\"https:\/\/secure.gravatar.com\/avatar\/e9c8f7dc69356901e27e7d436a041c1a?s=96&d=mm&r=g\",\"caption\":\"Sofia Lara\"},\"description\":\"I'm Lara, and my strong passion for succulents started eight years ago, when I got my first Aloe Polyphylla. Since then I fell in love with succulents and now have over 100 different types in my house. On AboutSucculents I share the knowledge and passion that I have gained in the last years.\",\"sameAs\":[\"https:\/\/www.facebook.com\/AboutSucculentscom-100560964944852\/\",\"https:\/\/www.instagram.com\/aboutsucculents\/\",\"https:\/\/www.pinterest.com\/AboutSucculents\/pins\/\",\"https:\/\/twitter.com\/https:\/\/twitter.com\/AboutSucculents\"],\"url\":\"https:\/\/www.aboutsucculents.com\/de\/author\/sofialara\/\"}]}<\/script>\n<!-- \/ Yoast SEO Premium plugin. -->","yoast_head_json":{"title":"Senecio Radicans - String of Bananas - Grow, Care and Propagate - About Succulents","description":"How to grow and care the Senecio Radicans - String of Bananas succulent. Discover how the Senecio Radicans - String of Bananas can be propagated with a step by step guide.","robots":{"index":"index","follow":"follow","max-snippet":"max-snippet:-1","max-image-preview":"max-image-preview:large","max-video-preview":"max-video-preview:-1"},"canonical":"https:\/\/www.aboutsucculents.com\/de\/senecio-radicans\/","og_locale":"de_DE","og_type":"article","og_title":"Senecio Radicans - String of Bananas","og_description":"How to grow and care the Senecio Radicans - String of Bananas succulent. Discover how the Senecio Radicans - String of Bananas can be propagated with a step by step guide.","og_url":"https:\/\/www.aboutsucculents.com\/de\/senecio-radicans\/","og_site_name":"About Succulents","article_author":"https:\/\/www.facebook.com\/AboutSucculentscom-100560964944852\/","article_published_time":"2020-03-29T21:18:51+00:00","article_modified_time":"2022-06-12T18:37:50+00:00","og_image":[{"width":800,"height":500,"url":"https:\/\/www.aboutsucculents.com\/wp-content\/uploads\/2020\/03\/Senecio-Radicans-String-of-Bananas-succulent.png","type":"image\/png"}],"author":"Sofia Lara","twitter_card":"summary_large_image","twitter_creator":"@https:\/\/twitter.com\/AboutSucculents","twitter_misc":{"Verfasst von":"Sofia Lara","Gesch\u00e4tzte Lesezeit":"7\u00a0Minuten"},"schema":{"@context":"https:\/\/schema.org","@graph":[{"@type":"Article","@id":"https:\/\/www.aboutsucculents.com\/senecio-radicans\/#article","isPartOf":{"@id":"https:\/\/www.aboutsucculents.com\/senecio-radicans\/"},"author":{"name":"Sofia Lara","@id":"https:\/\/www.aboutsucculents.com\/#\/schema\/person\/0b26593c5b3b2461f1c0f81c6dbe2e40"},"headline":"Senecio Radicans &#8211; String of Bananas","datePublished":"2020-03-29T21:18:51+00:00","dateModified":"2022-06-12T18:37:50+00:00","mainEntityOfPage":{"@id":"https:\/\/www.aboutsucculents.com\/senecio-radicans\/"},"wordCount":1203,"commentCount":0,"publisher":{"@id":"https:\/\/www.aboutsucculents.com\/#organization"},"keywords":["Asteraceae"],"articleSection":["Asteraceae","Succulents"],"inLanguage":"de","potentialAction":[{"@type":"CommentAction","name":"Comment","target":["https:\/\/www.aboutsucculents.com\/senecio-radicans\/#respond"]}]},{"@type":["WebPage","FAQPage"],"@id":"https:\/\/www.aboutsucculents.com\/senecio-radicans\/","url":"https:\/\/www.aboutsucculents.com\/senecio-radicans\/","name":"Senecio Radicans - String of Bananas - Grow, Care and Propagate - About Succulents","isPartOf":{"@id":"https:\/\/www.aboutsucculents.com\/#website"},"datePublished":"2020-03-29T21:18:51+00:00","dateModified":"2022-06-12T18:37:50+00:00","description":"How to grow and care the Senecio Radicans - String of Bananas succulent. Discover how the Senecio Radicans - String of Bananas can be propagated with a step by step guide.","breadcrumb":{"@id":"https:\/\/www.aboutsucculents.com\/senecio-radicans\/#breadcrumb"},"inLanguage":"de","potentialAction":[{"@type":"ReadAction","target":["https:\/\/www.aboutsucculents.com\/senecio-radicans\/"]}]},{"@type":"BreadcrumbList","@id":"https:\/\/www.aboutsucculents.com\/senecio-radicans\/#breadcrumb","itemListElement":[{"@type":"ListItem","position":1,"name":"Home","item":"https:\/\/www.aboutsucculents.com\/"},{"@type":"ListItem","position":2,"name":"Senecio Radicans &#8211; String of Bananas"}]},{"@type":"WebSite","@id":"https:\/\/www.aboutsucculents.com\/#website","url":"https:\/\/www.aboutsucculents.com\/","name":"About Succulents","description":"","publisher":{"@id":"https:\/\/www.aboutsucculents.com\/#organization"},"potentialAction":[{"@type":"SearchAction","target":{"@type":"EntryPoint","urlTemplate":"https:\/\/www.aboutsucculents.com\/?s={search_term_string}"},"query-input":"required name=search_term_string"}],"inLanguage":"de"},{"@type":"Organization","@id":"https:\/\/www.aboutsucculents.com\/#organization","name":"AboutSucculents","url":"https:\/\/www.aboutsucculents.com\/","logo":{"@type":"ImageObject","inLanguage":"de","@id":"https:\/\/www.aboutsucculents.com\/#\/schema\/logo\/image\/","url":"https:\/\/www.aboutsucculents.com\/wp-content\/uploads\/2020\/03\/about-succulents-logo.png","contentUrl":"https:\/\/www.aboutsucculents.com\/wp-content\/uploads\/2020\/03\/about-succulents-logo.png","width":200,"height":132,"caption":"AboutSucculents"},"image":{"@id":"https:\/\/www.aboutsucculents.com\/#\/schema\/logo\/image\/"}},{"@type":"Person","@id":"https:\/\/www.aboutsucculents.com\/#\/schema\/person\/0b26593c5b3b2461f1c0f81c6dbe2e40","name":"Sofia Lara","image":{"@type":"ImageObject","inLanguage":"de","@id":"https:\/\/www.aboutsucculents.com\/#\/schema\/person\/image\/","url":"https:\/\/secure.gravatar.com\/avatar\/e9c8f7dc69356901e27e7d436a041c1a?s=96&d=mm&r=g","contentUrl":"https:\/\/secure.gravatar.com\/avatar\/e9c8f7dc69356901e27e7d436a041c1a?s=96&d=mm&r=g","caption":"Sofia Lara"},"description":"I'm Lara, and my strong passion for succulents started eight years ago, when I got my first Aloe Polyphylla. Since then I fell in love with succulents and now have over 100 different types in my house. On AboutSucculents I share the knowledge and passion that I have gained in the last years.","sameAs":["https:\/\/www.facebook.com\/AboutSucculentscom-100560964944852\/","https:\/\/www.instagram.com\/aboutsucculents\/","https:\/\/www.pinterest.com\/AboutSucculents\/pins\/","https:\/\/twitter.com\/https:\/\/twitter.com\/AboutSucculents"],"url":"https:\/\/www.aboutsucculents.com\/de\/author\/sofialara\/"}]}},"modified_by":"Sofia Lara","_links":{"self":[{"href":"https:\/\/www.aboutsucculents.com\/de\/wp-json\/wp\/v2\/posts\/1992"}],"collection":[{"href":"https:\/\/www.aboutsucculents.com\/de\/wp-json\/wp\/v2\/posts"}],"about":[{"href":"https:\/\/www.aboutsucculents.com\/de\/wp-json\/wp\/v2\/types\/post"}],"author":[{"embeddable":true,"href":"https:\/\/www.aboutsucculents.com\/de\/wp-json\/wp\/v2\/users\/2"}],"replies":[{"embeddable":true,"href":"https:\/\/www.aboutsucculents.com\/de\/wp-json\/wp\/v2\/comments?post=1992"}],"version-history":[{"count":5,"href":"https:\/\/www.aboutsucculents.com\/de\/wp-json\/wp\/v2\/posts\/1992\/revisions"}],"predecessor-version":[{"id":3626,"href":"https:\/\/www.aboutsucculents.com\/de\/wp-json\/wp\/v2\/posts\/1992\/revisions\/3626"}],"wp:featuredmedia":[{"embeddable":true,"href":"https:\/\/www.aboutsucculents.com\/de\/wp-json\/wp\/v2\/media\/2651"}],"wp:attachment":[{"href":"https:\/\/www.aboutsucculents.com\/de\/wp-json\/wp\/v2\/media?parent=1992"}],"wp:term":[{"taxonomy":"category","embeddable":true,"href":"https:\/\/www.aboutsucculents.com\/de\/wp-json\/wp\/v2\/categories?post=1992"},{"taxonomy":"post_tag","embeddable":true,"href":"https:\/\/www.aboutsucculents.com\/de\/wp-json\/wp\/v2\/tags?post=1992"}],"curies":[{"name":"wp","href":"https:\/\/api.w.org\/{rel}","templated":true}]}}